{"id":2455,"date":"2019-04-08T15:34:51","date_gmt":"2019-04-08T13:34:51","guid":{"rendered":"https:\/\/www.civmilano.com\/?p=2455"},"modified":"2023-09-08T16:43:10","modified_gmt":"2023-09-08T14:43:10","slug":"restauro-del-cartone-di-raffaello-milano","status":"publish","type":"post","link":"https:\/\/www.civmilano.com\/it\/restauro-del-cartone-di-raffaello-milano\/","title":{"rendered":"Restauro del Cartone di Raffaello (Milano)"},"content":{"rendered":"\t\t<div data-elementor-type=\"wp-post\" data-elementor-id=\"2455\" class=\"elementor elementor-2455\" data-elementor-post-type=\"post\">\n\t\t\t\t\t\t\t\t\t<section class=\"elementor-section elementor-top-section elementor-element elementor-element-98450c7 elementor-section-boxed elementor-section-height-default elementor-section-height-default\" data-id=\"98450c7\" data-element_type=\"section\">\n\t\t\t\t\t\t<div class=\"elementor-container elementor-column-gap-default\">\n\t\t\t\t\t<div class=\"elementor-column elementor-col-100 elementor-top-column elementor-element elementor-element-be532a5\" data-id=\"be532a5\" data-element_type=\"column\">\n\t\t\t<div class=\"elementor-widget-wrap elementor-element-populated\">\n\t\t\t\t\t\t\t\t<div class=\"elementor-element elementor-element-610ad9a elementor-widget elementor-widget-text-editor\" data-id=\"610ad9a\" data-element_type=\"widget\" data-widget_type=\"text-editor.default\">\n\t\t\t\t<div class=\"elementor-widget-container\">\n\t\t\t<style>\/*! elementor - v3.16.0 - 20-09-2023 *\/\n.elementor-widget-text-editor.elementor-drop-cap-view-stacked .elementor-drop-cap{background-color:#69727d;color:#fff}.elementor-widget-text-editor.elementor-drop-cap-view-framed .elementor-drop-cap{color:#69727d;border:3px solid;background-color:transparent}.elementor-widget-text-editor:not(.elementor-drop-cap-view-default) .elementor-drop-cap{margin-top:8px}.elementor-widget-text-editor:not(.elementor-drop-cap-view-default) .elementor-drop-cap-letter{width:1em;height:1em}.elementor-widget-text-editor .elementor-drop-cap{float:left;text-align:center;line-height:1;font-size:50px}.elementor-widget-text-editor .elementor-drop-cap-letter{display:inline-block}<\/style>\t\t\t\t<p><span style=\"color: var( --e-global-color-text ); font-family: var( --e-global-typography-text-font-family ), Sans-serif;\">CIV ha seguito e sostenuto attivamente i quattro anni di intensi lavori di Restuaro, che hanno riportato il Cartone preparatorio della Scuola di Atene di Raffaello tra i gioielli della Pinacoteca Ambrosiana di Milano.<\/span><\/p><p>L&#8217;arte \u00e8 un importante mezzo per lo sviluppo sociale, culturale ed economico del territorio. Esprime il desiderio dell&#8217;uomo di migliorarsi e di crescere, e rappresenta un mezzo potente per la legittimazione sociale, l&#8217;arricchimento culturale e personale. In particolare, l&#8217;arte visiva \u00e8 un linguaggio universale, che non ha bisogno di parole per esprimere se stessa, \u00e8 intuitiva e di forte impatto comunicativo. Essa \u00e8 in grado di superare le barriere ideologiche e politiche, e di aggregare le diversit\u00e0, avvicinando i singoli e i popoli. L&#8217;arte visiva \u00e8 una forma di comunicazione universale che pu\u00f2 essere compresa da tutti, indipendentemente dalla cultura e dalla lingua. Inoltre, l&#8217;arte pu\u00f2 essere un importante motore per lo sviluppo economico, attraverso la creazione di opportunit\u00e0 di lavoro per gli artisti e l&#8217;industria dell&#8217;arte, e attraverso la promozione del turismo culturale.<\/p>\t\t\t\t\t\t<\/div>\n\t\t\t\t<\/div>\n\t\t\t\t\t<\/div>\n\t\t<\/div>\n\t\t\t\t\t\t\t<\/div>\n\t\t<\/section>\n\t\t\t\t<section class=\"elementor-section elementor-top-section elementor-element elementor-element-de1c100 elementor-section-boxed elementor-section-height-default elementor-section-height-default\" data-id=\"de1c100\" data-element_type=\"section\">\n\t\t\t\t\t\t<div class=\"elementor-container elementor-column-gap-default\">\n\t\t\t\t\t<div class=\"elementor-column elementor-col-100 elementor-top-column elementor-element elementor-element-ad572c2\" data-id=\"ad572c2\" data-element_type=\"column\">\n\t\t\t<div class=\"elementor-widget-wrap elementor-element-populated\">\n\t\t\t\t\t\t\t\t<div class=\"elementor-element elementor-element-7a4f03c elementor-widget elementor-widget-image\" data-id=\"7a4f03c\" data-element_type=\"widget\" data-widget_type=\"image.default\">\n\t\t\t\t<div class=\"elementor-widget-container\">\n\t\t\t<style>\/*! elementor - v3.16.0 - 20-09-2023 *\/\n.elementor-widget-image{text-align:center}.elementor-widget-image a{display:inline-block}.elementor-widget-image a img[src$=\".svg\"]{width:48px}.elementor-widget-image img{vertical-align:middle;display:inline-block}<\/style>\t\t\t\t\t\t\t\t\t\t\t\t<img loading=\"lazy\" decoding=\"async\" width=\"800\" height=\"517\" src=\"https:\/\/www.civmilano.com\/wp-content\/uploads\/2022\/01\/Stefano_Boeri_Architetti-1024x662.jpg\" class=\"attachment-large size-large wp-image-1094\" alt=\"\" srcset=\"https:\/\/www.civmilano.com\/wp-content\/uploads\/2022\/01\/Stefano_Boeri_Architetti-1024x662.jpg 1024w, https:\/\/www.civmilano.com\/wp-content\/uploads\/2022\/01\/Stefano_Boeri_Architetti-300x194.jpg 300w, https:\/\/www.civmilano.com\/wp-content\/uploads\/2022\/01\/Stefano_Boeri_Architetti-768x496.jpg 768w, https:\/\/www.civmilano.com\/wp-content\/uploads\/2022\/01\/Stefano_Boeri_Architetti-1536x992.jpg 1536w, https:\/\/www.civmilano.com\/wp-content\/uploads\/2022\/01\/Stefano_Boeri_Architetti-2048x1323.jpg 2048w\" sizes=\"auto, (max-width: 800px) 100vw, 800px\" \/>\t\t\t\t\t\t\t\t\t\t\t\t\t\t\t<\/div>\n\t\t\t\t<\/div>\n\t\t\t\t\t<\/div>\n\t\t<\/div>\n\t\t\t\t\t\t\t<\/div>\n\t\t<\/section>\n\t\t\t\t<section class=\"elementor-section elementor-top-section elementor-element elementor-element-288e544 elementor-section-boxed elementor-section-height-default elementor-section-height-default\" data-id=\"288e544\" data-element_type=\"section\">\n\t\t\t\t\t\t<div class=\"elementor-container elementor-column-gap-default\">\n\t\t\t\t\t<div class=\"elementor-column elementor-col-100 elementor-top-column elementor-element elementor-element-1ac1457\" data-id=\"1ac1457\" data-element_type=\"column\">\n\t\t\t<div class=\"elementor-widget-wrap\">\n\t\t\t\t\t\t\t\t\t<\/div>\n\t\t<\/div>\n\t\t\t\t\t\t\t<\/div>\n\t\t<\/section>\n\t\t\t\t\t\t\t<\/div>\n\t\t","protected":false},"excerpt":{"rendered":"<p>CIV ha seguito e sostenuto attivamente i quattro anni di intensi lavori di Restuaro, che hanno riportato il Cartone preparatorio della Scuola di Atene di Raffaello tra i gioielli della Pinacoteca Ambrosiana di Milano. L&#8217;arte \u00e8 un importante mezzo per lo sviluppo sociale, culturale ed economico del territorio. Esprime il desiderio dell&#8217;uomo di migliorarsi e [&hellip;]<\/p>\n","protected":false},"author":3,"featured_media":2456,"comment_status":"closed","ping_status":"closed","sticky":false,"template":"","format":"standard","meta":{"footnotes":""},"categories":[7],"tags":[],"class_list":["post-2455","post","type-post","status-publish","format-standard","has-post-thumbnail","hentry","category-in-evidenza"],"_links":{"self":[{"href":"https:\/\/www.civmilano.com\/it\/wp-json\/wp\/v2\/posts\/2455","targetHints":{"allow":["GET"]}}],"collection":[{"href":"https:\/\/www.civmilano.com\/it\/wp-json\/wp\/v2\/posts"}],"about":[{"href":"https:\/\/www.civmilano.com\/it\/wp-json\/wp\/v2\/types\/post"}],"author":[{"embeddable":true,"href":"https:\/\/www.civmilano.com\/it\/wp-json\/wp\/v2\/users\/3"}],"replies":[{"embeddable":true,"href":"https:\/\/www.civmilano.com\/it\/wp-json\/wp\/v2\/comments?post=2455"}],"version-history":[{"count":25,"href":"https:\/\/www.civmilano.com\/it\/wp-json\/wp\/v2\/posts\/2455\/revisions"}],"predecessor-version":[{"id":2983,"href":"https:\/\/www.civmilano.com\/it\/wp-json\/wp\/v2\/posts\/2455\/revisions\/2983"}],"wp:featuredmedia":[{"embeddable":true,"href":"https:\/\/www.civmilano.com\/it\/wp-json\/wp\/v2\/media\/2456"}],"wp:attachment":[{"href":"https:\/\/www.civmilano.com\/it\/wp-json\/wp\/v2\/media?parent=2455"}],"wp:term":[{"taxonomy":"category","embeddable":true,"href":"https:\/\/www.civmilano.com\/it\/wp-json\/wp\/v2\/categories?post=2455"},{"taxonomy":"post_tag","embeddable":true,"href":"https:\/\/www.civmilano.com\/it\/wp-json\/wp\/v2\/tags?post=2455"}],"curies":[{"name":"wp","href":"https:\/\/api.w.org\/{rel}","templated":true}]}}