{"id":2462,"date":"2018-10-19T15:44:20","date_gmt":"2018-10-19T13:44:20","guid":{"rendered":"https:\/\/www.civmilano.com\/?p=2462"},"modified":"2023-09-07T11:00:05","modified_gmt":"2023-09-07T09:00:05","slug":"cooperativa-sociale-e-s-t-i-a-carcere-milano-bollate","status":"publish","type":"post","link":"https:\/\/www.civmilano.com\/it\/cooperativa-sociale-e-s-t-i-a-carcere-milano-bollate\/","title":{"rendered":"COOPERATIVA SOCIALE E.S.T.I.A. (CARCERE MILANO-BOLLATE)"},"content":{"rendered":"\t\t<div data-elementor-type=\"wp-post\" data-elementor-id=\"2462\" class=\"elementor elementor-2462\" data-elementor-post-type=\"post\">\n\t\t\t\t\t\t\t\t\t<section class=\"elementor-section elementor-top-section elementor-element elementor-element-8163cc5 elementor-section-boxed elementor-section-height-default elementor-section-height-default\" data-id=\"8163cc5\" data-element_type=\"section\">\n\t\t\t\t\t\t<div class=\"elementor-container elementor-column-gap-default\">\n\t\t\t\t\t<div class=\"elementor-column elementor-col-100 elementor-top-column elementor-element elementor-element-8d049ed\" data-id=\"8d049ed\" data-element_type=\"column\">\n\t\t\t<div class=\"elementor-widget-wrap elementor-element-populated\">\n\t\t\t\t\t\t\t\t<div class=\"elementor-element elementor-element-67f3277 elementor-widget elementor-widget-text-editor\" data-id=\"67f3277\" data-element_type=\"widget\" data-widget_type=\"text-editor.default\">\n\t\t\t\t<div class=\"elementor-widget-container\">\n\t\t\t<style>\/*! elementor - v3.16.0 - 20-09-2023 *\/\n.elementor-widget-text-editor.elementor-drop-cap-view-stacked .elementor-drop-cap{background-color:#69727d;color:#fff}.elementor-widget-text-editor.elementor-drop-cap-view-framed .elementor-drop-cap{color:#69727d;border:3px solid;background-color:transparent}.elementor-widget-text-editor:not(.elementor-drop-cap-view-default) .elementor-drop-cap{margin-top:8px}.elementor-widget-text-editor:not(.elementor-drop-cap-view-default) .elementor-drop-cap-letter{width:1em;height:1em}.elementor-widget-text-editor .elementor-drop-cap{float:left;text-align:center;line-height:1;font-size:50px}.elementor-widget-text-editor .elementor-drop-cap-letter{display:inline-block}<\/style>\t\t\t\t<p class=\"MsoNormal\">Fino al 2018, il CIV ha sostenuto la Cooperativa E.S.T.I.A., che negli anni si \u00e8 distinta come modello di buone pratiche per il reinserimento sociale di detenuti ed ex detenuti. Le attivit\u00e0 svolte hanno riguardato due aree specifiche: l&#8217;educazione non formale, attraverso il teatro, e la formazione professionale, attraverso il lavoro.<\/p><p class=\"MsoNormal\">La riabilitazione delle persone detenute \u00e8 essenziale per garantire il loro effettivo reinserimento nella societ\u00e0 una volta terminato il periodo di detenzione. La riabilitazione pu\u00f2 includere programmi educativi, terapeutici e di formazione professionale per aiutare le persone a sviluppare le competenze e le capacit\u00e0 necessarie per avere successo nella vita fuori dal carcere.<\/p><p class=\"MsoNormal\">Il carcere di Bollate si distingue per la sua attenzione alla riabilitazione dei detenuti attraverso una serie di programmi educativi e di formazione professionale. Ad esempio, il carcere offre corsi di formazione in informatica, meccanica e agricoltura, che aiutano i detenuti ad acquisire competenze utili per trovare un impiego al momento del rilascio. Inoltre, il carcere di Bollate organizza anche programmi di terapia per aiutare i detenuti a gestire problemi come la dipendenza e le difficolt\u00e0 emotive.<\/p><p class=\"MsoNormal\">In questo contesto, E.S.T.I.A. lavora a stretto contatto con il carcere e con i detenuti per restituire dignit\u00e0 alla persona e al luogo di detenzione. Agire per il male richiede giustizia; per questo, l\u2019appello a chi ha agito per il male deve essere accompagnato da un&#8217;azione di educazione che sappia riaprire lo sguardo alla vista del bene. \u00c8 necessario essere giusti nel proteggere le potenzialit\u00e0 di ogni essere umano e continuare a sperare che dalla reintegrazione possano rinascere possibilit\u00e0 di innovazione per l&#8217;intera societ\u00e0.\u00a0<\/p>\t\t\t\t\t\t<\/div>\n\t\t\t\t<\/div>\n\t\t\t\t\t<\/div>\n\t\t<\/div>\n\t\t\t\t\t\t\t<\/div>\n\t\t<\/section>\n\t\t\t\t\t\t\t<\/div>\n\t\t","protected":false},"excerpt":{"rendered":"<p>Fino al 2018, il CIV ha sostenuto la Cooperativa E.S.T.I.A., che negli anni si \u00e8 distinta come modello di buone pratiche per il reinserimento sociale di detenuti ed ex detenuti. Le attivit\u00e0 svolte hanno riguardato due aree specifiche: l&#8217;educazione non formale, attraverso il teatro, e la formazione professionale, attraverso il lavoro. La riabilitazione delle persone [&hellip;]<\/p>\n","protected":false},"author":3,"featured_media":2463,"comment_status":"closed","ping_status":"closed","sticky":false,"template":"","format":"standard","meta":{"footnotes":""},"categories":[1],"tags":[],"class_list":["post-2462","post","type-post","status-publish","format-standard","has-post-thumbnail","hentry","category-non-categorizzato"],"_links":{"self":[{"href":"https:\/\/www.civmilano.com\/it\/wp-json\/wp\/v2\/posts\/2462","targetHints":{"allow":["GET"]}}],"collection":[{"href":"https:\/\/www.civmilano.com\/it\/wp-json\/wp\/v2\/posts"}],"about":[{"href":"https:\/\/www.civmilano.com\/it\/wp-json\/wp\/v2\/types\/post"}],"author":[{"embeddable":true,"href":"https:\/\/www.civmilano.com\/it\/wp-json\/wp\/v2\/users\/3"}],"replies":[{"embeddable":true,"href":"https:\/\/www.civmilano.com\/it\/wp-json\/wp\/v2\/comments?post=2462"}],"version-history":[{"count":23,"href":"https:\/\/www.civmilano.com\/it\/wp-json\/wp\/v2\/posts\/2462\/revisions"}],"predecessor-version":[{"id":2986,"href":"https:\/\/www.civmilano.com\/it\/wp-json\/wp\/v2\/posts\/2462\/revisions\/2986"}],"wp:featuredmedia":[{"embeddable":true,"href":"https:\/\/www.civmilano.com\/it\/wp-json\/wp\/v2\/media\/2463"}],"wp:attachment":[{"href":"https:\/\/www.civmilano.com\/it\/wp-json\/wp\/v2\/media?parent=2462"}],"wp:term":[{"taxonomy":"category","embeddable":true,"href":"https:\/\/www.civmilano.com\/it\/wp-json\/wp\/v2\/categories?post=2462"},{"taxonomy":"post_tag","embeddable":true,"href":"https:\/\/www.civmilano.com\/it\/wp-json\/wp\/v2\/tags?post=2462"}],"curies":[{"name":"wp","href":"https:\/\/api.w.org\/{rel}","templated":true}]}}